{"id":3330,"date":"2023-01-31T10:52:10","date_gmt":"2023-01-31T09:52:10","guid":{"rendered":"https:\/\/monikabohinec.com\/die-walkuere-fricka-7\/"},"modified":"2023-06-27T14:04:26","modified_gmt":"2023-06-27T12:04:26","slug":"die-walkuere-fricka-7","status":"publish","type":"post","link":"https:\/\/monikabohinec.com\/en\/die-walkuere-fricka-7\/","title":{"rendered":"Die Walk\u00fcre ( Fricka )"},"content":{"rendered":"<p>La Fricka de Monika Bohinek ensuite, qui confirme tout le bien que l\u2019on pensait d\u2019elle : loin de la virago, c\u2019est une noble suppliante au chant rac\u00e9, qui convainct son mari, non par ses cris, mais par la rationalit\u00e9 robuste de son argumentaire alli\u00e9e \u00e0 une posture implorante et humili\u00e9e.<\/p>\n","protected":false},"excerpt":{"rendered":"<p>La Fricka de Monika Bohinek ensuite, qui confirme tout le bien que l\u2019on pensait d\u2019elle : loin de la virago, c\u2019est une noble suppliante au chant rac\u00e9, qui convainct son &#8230; <\/p>\n","protected":false},"author":3,"featured_media":0,"comment_status":"closed","ping_status":"closed","sticky":false,"template":"","format":"standard","meta":{"_acf_changed":false,"footnotes":""},"categories":[5],"tags":[],"class_list":["post-3330","post","type-post","status-publish","format-standard","hentry","category-uncategorized"],"acf":[],"yoast_head":"<!-- This site is optimized with the Yoast SEO plugin v27.2 - https:\/\/yoast.com\/product\/yoast-seo-wordpress\/ -->\n<title>Die Walk\u00fcre ( Fricka ) - Monika Bohinec<\/title>\n<meta name=\"robots\" content=\"index, follow, max-snippet:-1, max-image-preview:large, max-video-preview:-1\" \/>\n<link rel=\"canonical\" href=\"https:\/\/monikabohinec.com\/en\/die-walkuere-fricka-7\/\" \/>\n<meta property=\"og:locale\" content=\"en_US\" \/>\n<meta property=\"og:type\" content=\"article\" \/>\n<meta property=\"og:title\" content=\"Die Walk\u00fcre ( Fricka ) - Monika Bohinec\" \/>\n<meta property=\"og:description\" content=\"La Fricka de Monika Bohinek ensuite, qui confirme tout le bien que l\u2019on pensait d\u2019elle : loin de la virago, c\u2019est une noble suppliante au chant rac\u00e9, qui convainct son ...\" \/>\n<meta property=\"og:url\" content=\"https:\/\/monikabohinec.com\/en\/die-walkuere-fricka-7\/\" \/>\n<meta property=\"og:site_name\" content=\"Monika Bohinec\" \/>\n<meta property=\"article:published_time\" content=\"2023-01-31T09:52:10+00:00\" \/>\n<meta property=\"article:modified_time\" content=\"2023-06-27T12:04:26+00:00\" \/>\n<meta name=\"author\" content=\"monika--bohinec\" \/>\n<meta name=\"twitter:card\" content=\"summary_large_image\" \/>\n<meta name=\"twitter:label1\" content=\"Written by\" \/>\n\t<meta name=\"twitter:data1\" content=\"monika--bohinec\" \/>\n\t<meta name=\"twitter:label2\" content=\"Est. reading time\" \/>\n\t<meta name=\"twitter:data2\" content=\"1 minute\" \/>\n<script type=\"application\/ld+json\" class=\"yoast-schema-graph\">{\"@context\":\"https:\/\/schema.org\",\"@graph\":[{\"@type\":\"Article\",\"@id\":\"https:\/\/monikabohinec.com\/en\/die-walkuere-fricka-7\/#article\",\"isPartOf\":{\"@id\":\"https:\/\/monikabohinec.com\/en\/die-walkuere-fricka-7\/\"},\"author\":{\"name\":\"monika--bohinec\",\"@id\":\"https:\/\/monikabohinec.com\/#\/schema\/person\/c365a3d4f43630681970a29589c3a46e\"},\"headline\":\"Die Walk\u00fcre ( Fricka )\",\"datePublished\":\"2023-01-31T09:52:10+00:00\",\"dateModified\":\"2023-06-27T12:04:26+00:00\",\"mainEntityOfPage\":{\"@id\":\"https:\/\/monikabohinec.com\/en\/die-walkuere-fricka-7\/\"},\"wordCount\":57,\"inLanguage\":\"en-US\"},{\"@type\":\"WebPage\",\"@id\":\"https:\/\/monikabohinec.com\/en\/die-walkuere-fricka-7\/\",\"url\":\"https:\/\/monikabohinec.com\/en\/die-walkuere-fricka-7\/\",\"name\":\"Die Walk\u00fcre ( Fricka ) - Monika Bohinec\",\"isPartOf\":{\"@id\":\"https:\/\/monikabohinec.com\/#website\"},\"datePublished\":\"2023-01-31T09:52:10+00:00\",\"dateModified\":\"2023-06-27T12:04:26+00:00\",\"author\":{\"@id\":\"https:\/\/monikabohinec.com\/#\/schema\/person\/c365a3d4f43630681970a29589c3a46e\"},\"breadcrumb\":{\"@id\":\"https:\/\/monikabohinec.com\/en\/die-walkuere-fricka-7\/#breadcrumb\"},\"inLanguage\":\"en-US\",\"potentialAction\":[{\"@type\":\"ReadAction\",\"target\":[\"https:\/\/monikabohinec.com\/en\/die-walkuere-fricka-7\/\"]}]},{\"@type\":\"BreadcrumbList\",\"@id\":\"https:\/\/monikabohinec.com\/en\/die-walkuere-fricka-7\/#breadcrumb\",\"itemListElement\":[{\"@type\":\"ListItem\",\"position\":1,\"name\":\"Home\",\"item\":\"https:\/\/monikabohinec.com\/en\/\"},{\"@type\":\"ListItem\",\"position\":2,\"name\":\"Die Walk\u00fcre ( Fricka )\"}]},{\"@type\":\"WebSite\",\"@id\":\"https:\/\/monikabohinec.com\/#website\",\"url\":\"https:\/\/monikabohinec.com\/\",\"name\":\"Monika Bohinec\",\"description\":\"Mezzosopran\",\"potentialAction\":[{\"@type\":\"SearchAction\",\"target\":{\"@type\":\"EntryPoint\",\"urlTemplate\":\"https:\/\/monikabohinec.com\/?s={search_term_string}\"},\"query-input\":{\"@type\":\"PropertyValueSpecification\",\"valueRequired\":true,\"valueName\":\"search_term_string\"}}],\"inLanguage\":\"en-US\"},{\"@type\":\"Person\",\"@id\":\"https:\/\/monikabohinec.com\/#\/schema\/person\/c365a3d4f43630681970a29589c3a46e\",\"name\":\"monika--bohinec\",\"image\":{\"@type\":\"ImageObject\",\"inLanguage\":\"en-US\",\"@id\":\"https:\/\/secure.gravatar.com\/avatar\/7525a9dfbe63f6276654c5a64bf919294cf794d26eb9dd453d6bd2827017e36f?s=96&d=mm&r=g\",\"url\":\"https:\/\/secure.gravatar.com\/avatar\/7525a9dfbe63f6276654c5a64bf919294cf794d26eb9dd453d6bd2827017e36f?s=96&d=mm&r=g\",\"contentUrl\":\"https:\/\/secure.gravatar.com\/avatar\/7525a9dfbe63f6276654c5a64bf919294cf794d26eb9dd453d6bd2827017e36f?s=96&d=mm&r=g\",\"caption\":\"monika--bohinec\"},\"url\":\"https:\/\/monikabohinec.com\/en\/author\/monika-bohinec\/\"}]}<\/script>\n<!-- \/ Yoast SEO plugin. -->","yoast_head_json":{"title":"Die Walk\u00fcre ( Fricka ) - Monika Bohinec","robots":{"index":"index","follow":"follow","max-snippet":"max-snippet:-1","max-image-preview":"max-image-preview:large","max-video-preview":"max-video-preview:-1"},"canonical":"https:\/\/monikabohinec.com\/en\/die-walkuere-fricka-7\/","og_locale":"en_US","og_type":"article","og_title":"Die Walk\u00fcre ( Fricka ) - Monika Bohinec","og_description":"La Fricka de Monika Bohinek ensuite, qui confirme tout le bien que l\u2019on pensait d\u2019elle : loin de la virago, c\u2019est une noble suppliante au chant rac\u00e9, qui convainct son ...","og_url":"https:\/\/monikabohinec.com\/en\/die-walkuere-fricka-7\/","og_site_name":"Monika Bohinec","article_published_time":"2023-01-31T09:52:10+00:00","article_modified_time":"2023-06-27T12:04:26+00:00","author":"monika--bohinec","twitter_card":"summary_large_image","twitter_misc":{"Written by":"monika--bohinec","Est. reading time":"1 minute"},"schema":{"@context":"https:\/\/schema.org","@graph":[{"@type":"Article","@id":"https:\/\/monikabohinec.com\/en\/die-walkuere-fricka-7\/#article","isPartOf":{"@id":"https:\/\/monikabohinec.com\/en\/die-walkuere-fricka-7\/"},"author":{"name":"monika--bohinec","@id":"https:\/\/monikabohinec.com\/#\/schema\/person\/c365a3d4f43630681970a29589c3a46e"},"headline":"Die Walk\u00fcre ( Fricka )","datePublished":"2023-01-31T09:52:10+00:00","dateModified":"2023-06-27T12:04:26+00:00","mainEntityOfPage":{"@id":"https:\/\/monikabohinec.com\/en\/die-walkuere-fricka-7\/"},"wordCount":57,"inLanguage":"en-US"},{"@type":"WebPage","@id":"https:\/\/monikabohinec.com\/en\/die-walkuere-fricka-7\/","url":"https:\/\/monikabohinec.com\/en\/die-walkuere-fricka-7\/","name":"Die Walk\u00fcre ( Fricka ) - Monika Bohinec","isPartOf":{"@id":"https:\/\/monikabohinec.com\/#website"},"datePublished":"2023-01-31T09:52:10+00:00","dateModified":"2023-06-27T12:04:26+00:00","author":{"@id":"https:\/\/monikabohinec.com\/#\/schema\/person\/c365a3d4f43630681970a29589c3a46e"},"breadcrumb":{"@id":"https:\/\/monikabohinec.com\/en\/die-walkuere-fricka-7\/#breadcrumb"},"inLanguage":"en-US","potentialAction":[{"@type":"ReadAction","target":["https:\/\/monikabohinec.com\/en\/die-walkuere-fricka-7\/"]}]},{"@type":"BreadcrumbList","@id":"https:\/\/monikabohinec.com\/en\/die-walkuere-fricka-7\/#breadcrumb","itemListElement":[{"@type":"ListItem","position":1,"name":"Home","item":"https:\/\/monikabohinec.com\/en\/"},{"@type":"ListItem","position":2,"name":"Die Walk\u00fcre ( Fricka )"}]},{"@type":"WebSite","@id":"https:\/\/monikabohinec.com\/#website","url":"https:\/\/monikabohinec.com\/","name":"Monika Bohinec","description":"Mezzosopran","potentialAction":[{"@type":"SearchAction","target":{"@type":"EntryPoint","urlTemplate":"https:\/\/monikabohinec.com\/?s={search_term_string}"},"query-input":{"@type":"PropertyValueSpecification","valueRequired":true,"valueName":"search_term_string"}}],"inLanguage":"en-US"},{"@type":"Person","@id":"https:\/\/monikabohinec.com\/#\/schema\/person\/c365a3d4f43630681970a29589c3a46e","name":"monika--bohinec","image":{"@type":"ImageObject","inLanguage":"en-US","@id":"https:\/\/secure.gravatar.com\/avatar\/7525a9dfbe63f6276654c5a64bf919294cf794d26eb9dd453d6bd2827017e36f?s=96&d=mm&r=g","url":"https:\/\/secure.gravatar.com\/avatar\/7525a9dfbe63f6276654c5a64bf919294cf794d26eb9dd453d6bd2827017e36f?s=96&d=mm&r=g","contentUrl":"https:\/\/secure.gravatar.com\/avatar\/7525a9dfbe63f6276654c5a64bf919294cf794d26eb9dd453d6bd2827017e36f?s=96&d=mm&r=g","caption":"monika--bohinec"},"url":"https:\/\/monikabohinec.com\/en\/author\/monika-bohinec\/"}]}},"_links":{"self":[{"href":"https:\/\/monikabohinec.com\/en\/wp-json\/wp\/v2\/posts\/3330","targetHints":{"allow":["GET"]}}],"collection":[{"href":"https:\/\/monikabohinec.com\/en\/wp-json\/wp\/v2\/posts"}],"about":[{"href":"https:\/\/monikabohinec.com\/en\/wp-json\/wp\/v2\/types\/post"}],"author":[{"embeddable":true,"href":"https:\/\/monikabohinec.com\/en\/wp-json\/wp\/v2\/users\/3"}],"replies":[{"embeddable":true,"href":"https:\/\/monikabohinec.com\/en\/wp-json\/wp\/v2\/comments?post=3330"}],"version-history":[{"count":1,"href":"https:\/\/monikabohinec.com\/en\/wp-json\/wp\/v2\/posts\/3330\/revisions"}],"predecessor-version":[{"id":3529,"href":"https:\/\/monikabohinec.com\/en\/wp-json\/wp\/v2\/posts\/3330\/revisions\/3529"}],"wp:attachment":[{"href":"https:\/\/monikabohinec.com\/en\/wp-json\/wp\/v2\/media?parent=3330"}],"wp:term":[{"taxonomy":"category","embeddable":true,"href":"https:\/\/monikabohinec.com\/en\/wp-json\/wp\/v2\/categories?post=3330"},{"taxonomy":"post_tag","embeddable":true,"href":"https:\/\/monikabohinec.com\/en\/wp-json\/wp\/v2\/tags?post=3330"}],"curies":[{"name":"wp","href":"https:\/\/api.w.org\/{rel}","templated":true}]}}